{"id":2133,"date":"2019-12-23T20:01:46","date_gmt":"2019-12-23T19:01:46","guid":{"rendered":"https:\/\/umlapoblatornesa.es\/?p=2133"},"modified":"2020-01-23T20:05:23","modified_gmt":"2020-01-23T19:05:23","slug":"elementor-2133","status":"publish","type":"post","link":"https:\/\/umlapoblatornesa.es\/index.php\/2019\/12\/23\/elementor-2133\/","title":{"rendered":"Concert de Nadal 2019"},"content":{"rendered":"\t\t<div data-elementor-type=\"wp-post\" data-elementor-id=\"2133\" class=\"elementor elementor-2133\">\n\t\t\t\t\t\t<section class=\"elementor-section elementor-top-section elementor-element elementor-element-8456b7e elementor-section-boxed elementor-section-height-default elementor-section-height-default\" data-id=\"8456b7e\" data-element_type=\"section\">\n\t\t\t\t\t\t<div class=\"elementor-container elementor-column-gap-default\">\n\t\t\t\t\t<div class=\"elementor-column elementor-col-100 elementor-top-column elementor-element elementor-element-c75595c\" data-id=\"c75595c\" data-element_type=\"column\">\n\t\t\t<div class=\"elementor-widget-wrap elementor-element-populated\">\n\t\t\t\t\t\t<div class=\"elementor-element elementor-element-48c3724 elementor-widget elementor-widget-image\" data-id=\"48c3724\" data-element_type=\"widget\" data-widget_type=\"image.default\">\n\t\t\t\t<div class=\"elementor-widget-container\">\n\t\t\t\t\t\t\t\t\t\t\t\t\t\t\t<img decoding=\"async\" src=\"https:\/\/umlapoblatornesa.es\/wp-content\/uploads\/2020\/01\/IMG-20191212-WA0003.jpg\" title=\"\" alt=\"\" loading=\"lazy\" \/>\t\t\t\t\t\t\t\t\t\t\t\t\t\t\t<\/div>\n\t\t\t\t<\/div>\n\t\t\t\t<section class=\"elementor-section elementor-inner-section elementor-element elementor-element-c424270 elementor-section-boxed elementor-section-height-default elementor-section-height-default\" data-id=\"c424270\" data-element_type=\"section\">\n\t\t\t\t\t\t<div class=\"elementor-container elementor-column-gap-default\">\n\t\t\t\t\t<div class=\"elementor-column elementor-col-50 elementor-inner-column elementor-element elementor-element-d1b767a\" data-id=\"d1b767a\" data-element_type=\"column\">\n\t\t\t<div class=\"elementor-widget-wrap elementor-element-populated\">\n\t\t\t\t\t\t<div class=\"elementor-element elementor-element-147b171 elementor-widget elementor-widget-text-editor\" data-id=\"147b171\" data-element_type=\"widget\" data-widget_type=\"text-editor.default\">\n\t\t\t\t<div class=\"elementor-widget-container\">\n\t\t\t\t\t\t\t\t\t<p>El 22 de desembre de 2019, la Escola de M\u00fasica i la Uni\u00f3 Musical La Pobla Tornesa van oferir el Concert de Nadal.<\/p><p>En una primera part, la Banda Jove va interpretar Beethoven&#8217;s Ninth i Power Rock, dos arreglos per a conjunt instrumental a c\u00e0rreg de la directora Silvia Campos, que els nostres educandos van interpretar de manera magistral, a m\u00e9s del conegut pasdoble Fiesta en Benidorm.<\/p>\t\t\t\t\t\t\t\t<\/div>\n\t\t\t\t<\/div>\n\t\t\t\t\t<\/div>\n\t\t<\/div>\n\t\t\t\t<div class=\"elementor-column elementor-col-50 elementor-inner-column elementor-element elementor-element-bae9035\" data-id=\"bae9035\" data-element_type=\"column\">\n\t\t\t<div class=\"elementor-widget-wrap elementor-element-populated\">\n\t\t\t\t\t\t<div class=\"elementor-element elementor-element-959a496 elementor-widget elementor-widget-image\" data-id=\"959a496\" data-element_type=\"widget\" data-widget_type=\"image.default\">\n\t\t\t\t<div class=\"elementor-widget-container\">\n\t\t\t\t\t\t\t\t\t\t\t\t\t\t\t<img decoding=\"async\" src=\"https:\/\/umlapoblatornesa.es\/wp-content\/uploads\/2020\/01\/IMG-20191222-WA0004.jpg\" title=\"\" alt=\"\" loading=\"lazy\" \/>\t\t\t\t\t\t\t\t\t\t\t\t\t\t\t<\/div>\n\t\t\t\t<\/div>\n\t\t\t\t\t<\/div>\n\t\t<\/div>\n\t\t\t\t\t<\/div>\n\t\t<\/section>\n\t\t\t\t<section class=\"elementor-section elementor-inner-section elementor-element elementor-element-6e2f5f9 elementor-section-boxed elementor-section-height-default elementor-section-height-default\" data-id=\"6e2f5f9\" data-element_type=\"section\">\n\t\t\t\t\t\t<div class=\"elementor-container elementor-column-gap-default\">\n\t\t\t\t\t<div class=\"elementor-column elementor-col-50 elementor-inner-column elementor-element elementor-element-536b258\" data-id=\"536b258\" data-element_type=\"column\">\n\t\t\t<div class=\"elementor-widget-wrap elementor-element-populated\">\n\t\t\t\t\t\t<div class=\"elementor-element elementor-element-3a174a8 elementor-widget elementor-widget-image\" data-id=\"3a174a8\" data-element_type=\"widget\" data-widget_type=\"image.default\">\n\t\t\t\t<div class=\"elementor-widget-container\">\n\t\t\t\t\t\t\t\t\t\t\t\t\t\t\t<img decoding=\"async\" src=\"https:\/\/umlapoblatornesa.es\/wp-content\/uploads\/2020\/01\/IMG-20191222-WA0002.jpg\" title=\"\" alt=\"\" loading=\"lazy\" \/>\t\t\t\t\t\t\t\t\t\t\t\t\t\t\t<\/div>\n\t\t\t\t<\/div>\n\t\t\t\t\t<\/div>\n\t\t<\/div>\n\t\t\t\t<div class=\"elementor-column elementor-col-50 elementor-inner-column elementor-element elementor-element-2c03fc2\" data-id=\"2c03fc2\" data-element_type=\"column\">\n\t\t\t<div class=\"elementor-widget-wrap elementor-element-populated\">\n\t\t\t\t\t\t<div class=\"elementor-element elementor-element-97c46cf elementor-widget elementor-widget-text-editor\" data-id=\"97c46cf\" data-element_type=\"widget\" data-widget_type=\"text-editor.default\">\n\t\t\t\t<div class=\"elementor-widget-container\">\n\t\t\t\t\t\t\t\t\t<p>Tot seguit, la secci\u00f3 de cor de l&#8217;escola, conjuntament amb la Uni\u00f3 Musical van interpretar dos peces del conegut compossitor valenci\u00e0 Ferrer Ferr\u00e0n, &#8220;El caragol mifasol&#8221; i &#8220;El Sol red\u00f3&#8221;, demostrant malgrat la seua curta edat, un grand\u00edssim treball a l&#8217;enfrontar-se a la dificultat de conjuntar-se amb una banda de m\u00fasica.<\/p>\t\t\t\t\t\t\t\t<\/div>\n\t\t\t\t<\/div>\n\t\t\t\t\t<\/div>\n\t\t<\/div>\n\t\t\t\t\t<\/div>\n\t\t<\/section>\n\t\t\t\t<section class=\"elementor-section elementor-inner-section elementor-element elementor-element-fe45b4f elementor-section-boxed elementor-section-height-default elementor-section-height-default\" data-id=\"fe45b4f\" data-element_type=\"section\">\n\t\t\t\t\t\t<div class=\"elementor-container elementor-column-gap-default\">\n\t\t\t\t\t<div class=\"elementor-column elementor-col-50 elementor-inner-column elementor-element elementor-element-17a53cf\" data-id=\"17a53cf\" data-element_type=\"column\">\n\t\t\t<div class=\"elementor-widget-wrap elementor-element-populated\">\n\t\t\t\t\t\t<div class=\"elementor-element elementor-element-f8b6f54 elementor-widget elementor-widget-text-editor\" data-id=\"f8b6f54\" data-element_type=\"widget\" data-widget_type=\"text-editor.default\">\n\t\t\t\t<div class=\"elementor-widget-container\">\n\t\t\t\t\t\t\t\t\t<p>Per finalitzar, la Uni\u00f3 Musical La Pobla Tornesa va complementar la vesprada amb dues obres m\u00e9s i un bis. La primera va ser una estrena, una nadala compossada per un alumne de la Escola de M\u00fasica, Quique, i titulada simplement &#8220;Nadala&#8221; que va obtindre l&#8217;aprovaci\u00f3 (i alguna ajuda) dels seus mestres, i en premi al seu esfor\u00e7 es va incorporar al repertori de la banda. La segona fou un arreglo de Mauro Salvatore, on s&#8217;interpreten les parts m\u00e9s conegudes de diverses nadales, resultant un obra molt entretinguda.<\/p><p>El bis no pod\u00ede ser un altre de la coneguda &#8220;Marcha Radetzky&#8221;, obra que sol tancar els concerts de nadal i que el p\u00fablic assistent acompanya fent palmades al ritme de la m\u00fasica.<\/p>\t\t\t\t\t\t\t\t<\/div>\n\t\t\t\t<\/div>\n\t\t\t\t\t<\/div>\n\t\t<\/div>\n\t\t\t\t<div class=\"elementor-column elementor-col-50 elementor-inner-column elementor-element elementor-element-4eb8114\" data-id=\"4eb8114\" data-element_type=\"column\">\n\t\t\t<div class=\"elementor-widget-wrap elementor-element-populated\">\n\t\t\t\t\t\t<div class=\"elementor-element elementor-element-0721b56 elementor-widget elementor-widget-image\" data-id=\"0721b56\" data-element_type=\"widget\" data-widget_type=\"image.default\">\n\t\t\t\t<div class=\"elementor-widget-container\">\n\t\t\t\t\t\t\t\t\t\t\t\t\t\t\t<img decoding=\"async\" src=\"https:\/\/umlapoblatornesa.es\/wp-content\/uploads\/2020\/01\/IMG-20191231-WA0014.jpg\" title=\"\" alt=\"\" loading=\"lazy\" \/>\t\t\t\t\t\t\t\t\t\t\t\t\t\t\t<\/div>\n\t\t\t\t<\/div>\n\t\t\t\t\t<\/div>\n\t\t<\/div>\n\t\t\t\t\t<\/div>\n\t\t<\/section>\n\t\t\t\t\t<\/div>\n\t\t<\/div>\n\t\t\t\t\t<\/div>\n\t\t<\/section>\n\t\t\t\t<\/div>\n\t\t","protected":false},"excerpt":{"rendered":"<p>El 22 de desembre de 2019, la Escola de M\u00fasica i la Uni\u00f3 Musical La Pobla Tornesa van oferir el Concert de<\/p>\n<p class=\"link-more\"><a class=\"myButt \" href=\"https:\/\/umlapoblatornesa.es\/index.php\/2019\/12\/23\/elementor-2133\/\">Llegir m\u00e9s<\/a><\/p>\n","protected":false},"author":1,"featured_media":0,"comment_status":"open","ping_status":"open","sticky":false,"template":"","format":"standard","meta":{"footnotes":""},"categories":[1],"tags":[],"class_list":["post-2133","post","type-post","status-publish","format-standard","hentry","category-general"],"aioseo_notices":[],"jetpack_featured_media_url":"","_links":{"self":[{"href":"https:\/\/umlapoblatornesa.es\/index.php\/wp-json\/wp\/v2\/posts\/2133","targetHints":{"allow":["GET"]}}],"collection":[{"href":"https:\/\/umlapoblatornesa.es\/index.php\/wp-json\/wp\/v2\/posts"}],"about":[{"href":"https:\/\/umlapoblatornesa.es\/index.php\/wp-json\/wp\/v2\/types\/post"}],"author":[{"embeddable":true,"href":"https:\/\/umlapoblatornesa.es\/index.php\/wp-json\/wp\/v2\/users\/1"}],"replies":[{"embeddable":true,"href":"https:\/\/umlapoblatornesa.es\/index.php\/wp-json\/wp\/v2\/comments?post=2133"}],"version-history":[{"count":4,"href":"https:\/\/umlapoblatornesa.es\/index.php\/wp-json\/wp\/v2\/posts\/2133\/revisions"}],"predecessor-version":[{"id":2138,"href":"https:\/\/umlapoblatornesa.es\/index.php\/wp-json\/wp\/v2\/posts\/2133\/revisions\/2138"}],"wp:attachment":[{"href":"https:\/\/umlapoblatornesa.es\/index.php\/wp-json\/wp\/v2\/media?parent=2133"}],"wp:term":[{"taxonomy":"category","embeddable":true,"href":"https:\/\/umlapoblatornesa.es\/index.php\/wp-json\/wp\/v2\/categories?post=2133"},{"taxonomy":"post_tag","embeddable":true,"href":"https:\/\/umlapoblatornesa.es\/index.php\/wp-json\/wp\/v2\/tags?post=2133"}],"curies":[{"name":"wp","href":"https:\/\/api.w.org\/{rel}","templated":true}]}}