{"id":2181,"date":"2020-02-01T23:02:11","date_gmt":"2020-02-01T22:02:11","guid":{"rendered":"https:\/\/umlapoblatornesa.es\/?p=2181"},"modified":"2020-04-01T23:09:35","modified_gmt":"2020-04-01T22:09:35","slug":"sant-antoni-2020","status":"publish","type":"post","link":"https:\/\/umlapoblatornesa.es\/index.php\/2020\/02\/01\/sant-antoni-2020\/","title":{"rendered":"Sant Antoni 2020"},"content":{"rendered":"\t\t<div data-elementor-type=\"wp-post\" data-elementor-id=\"2181\" class=\"elementor elementor-2181\">\n\t\t\t\t\t\t<section class=\"elementor-section elementor-top-section elementor-element elementor-element-70657da elementor-section-boxed elementor-section-height-default elementor-section-height-default\" data-id=\"70657da\" data-element_type=\"section\">\n\t\t\t\t\t\t<div class=\"elementor-container elementor-column-gap-default\">\n\t\t\t\t\t<div class=\"elementor-column elementor-col-100 elementor-top-column elementor-element elementor-element-ce443f5\" data-id=\"ce443f5\" data-element_type=\"column\">\n\t\t\t<div class=\"elementor-widget-wrap elementor-element-populated\">\n\t\t\t\t\t\t<div class=\"elementor-element elementor-element-852f8d8 elementor-widget elementor-widget-image\" data-id=\"852f8d8\" data-element_type=\"widget\" data-widget_type=\"image.default\">\n\t\t\t\t<div class=\"elementor-widget-container\">\n\t\t\t\t\t\t\t\t\t\t\t\t\t\t\t<img decoding=\"async\" src=\"https:\/\/umlapoblatornesa.es\/wp-content\/uploads\/2020\/04\/IMG-20200131-WA0024.jpg\" title=\"\" alt=\"\" loading=\"lazy\" \/>\t\t\t\t\t\t\t\t\t\t\t\t\t\t\t<\/div>\n\t\t\t\t<\/div>\n\t\t\t\t<div class=\"elementor-element elementor-element-2d63f3f elementor-widget elementor-widget-text-editor\" data-id=\"2d63f3f\" data-element_type=\"widget\" data-widget_type=\"text-editor.default\">\n\t\t\t\t<div class=\"elementor-widget-container\">\n\t\t\t\t\t\t\t\t\t<p>Un any m\u00e9s, la Uni\u00f3 Musical La Pobla Tornesa ha acompanyat al nostre estimat Sant Antoni pels carrers del sector de Baix la Vila, encarregats enguany de l&#8217;organitzaci\u00f3 d&#8217;aquest tradicional esdeveniment.<\/p><p>El mat\u00ed va estar assolejat tot i aix\u00f3 que veniem d&#8217;un episodi de pluja, i amb una agradable temperatura pel qual cosa els veins van poder gaudir d&#8217;un passacarrer festiu al ritme de pasdobles interpretats magistralment pels m\u00fasics de la banda.<\/p><p>Fiesta en Benidorm i X\u00e0bia van ser els t\u00edtols que ressonaren pels carrers del poble, omplint d&#8217;alegria el cor del ve\u00efnat que treien el cap a la porta de casa.<\/p><p>Finalment, el Sant entronitzat sota la florida arcada de matisa i baladre, rep la darrera interpretaci\u00f3 musical, i al crit de \u00a1Visca Sant Antoni! despedim al venerable fins l&#8217;any vinent.<\/p>\t\t\t\t\t\t\t\t<\/div>\n\t\t\t\t<\/div>\n\t\t\t\t<div class=\"elementor-element elementor-element-31dfa6d elementor-widget elementor-widget-image\" data-id=\"31dfa6d\" data-element_type=\"widget\" data-widget_type=\"image.default\">\n\t\t\t\t<div class=\"elementor-widget-container\">\n\t\t\t\t\t\t\t\t\t\t\t\t\t\t\t<img decoding=\"async\" src=\"https:\/\/umlapoblatornesa.es\/wp-content\/uploads\/2020\/04\/IMG-20200131-WA0020.jpg\" title=\"\" alt=\"\" loading=\"lazy\" \/>\t\t\t\t\t\t\t\t\t\t\t\t\t\t\t<\/div>\n\t\t\t\t<\/div>\n\t\t\t\t\t<\/div>\n\t\t<\/div>\n\t\t\t\t\t<\/div>\n\t\t<\/section>\n\t\t\t\t<\/div>\n\t\t","protected":false},"excerpt":{"rendered":"<p>Un any m\u00e9s, la Uni\u00f3 Musical La Pobla Tornesa ha acompanyat al nostre estimat Sant Antoni pels carrers del sector de Baix<\/p>\n<p class=\"link-more\"><a class=\"myButt \" href=\"https:\/\/umlapoblatornesa.es\/index.php\/2020\/02\/01\/sant-antoni-2020\/\">Llegir m\u00e9s<\/a><\/p>\n","protected":false},"author":1,"featured_media":0,"comment_status":"open","ping_status":"open","sticky":false,"template":"","format":"standard","meta":{"footnotes":""},"categories":[1],"tags":[],"class_list":["post-2181","post","type-post","status-publish","format-standard","hentry","category-general"],"aioseo_notices":[],"jetpack_featured_media_url":"","_links":{"self":[{"href":"https:\/\/umlapoblatornesa.es\/index.php\/wp-json\/wp\/v2\/posts\/2181","targetHints":{"allow":["GET"]}}],"collection":[{"href":"https:\/\/umlapoblatornesa.es\/index.php\/wp-json\/wp\/v2\/posts"}],"about":[{"href":"https:\/\/umlapoblatornesa.es\/index.php\/wp-json\/wp\/v2\/types\/post"}],"author":[{"embeddable":true,"href":"https:\/\/umlapoblatornesa.es\/index.php\/wp-json\/wp\/v2\/users\/1"}],"replies":[{"embeddable":true,"href":"https:\/\/umlapoblatornesa.es\/index.php\/wp-json\/wp\/v2\/comments?post=2181"}],"version-history":[{"count":4,"href":"https:\/\/umlapoblatornesa.es\/index.php\/wp-json\/wp\/v2\/posts\/2181\/revisions"}],"predecessor-version":[{"id":2187,"href":"https:\/\/umlapoblatornesa.es\/index.php\/wp-json\/wp\/v2\/posts\/2181\/revisions\/2187"}],"wp:attachment":[{"href":"https:\/\/umlapoblatornesa.es\/index.php\/wp-json\/wp\/v2\/media?parent=2181"}],"wp:term":[{"taxonomy":"category","embeddable":true,"href":"https:\/\/umlapoblatornesa.es\/index.php\/wp-json\/wp\/v2\/categories?post=2181"},{"taxonomy":"post_tag","embeddable":true,"href":"https:\/\/umlapoblatornesa.es\/index.php\/wp-json\/wp\/v2\/tags?post=2181"}],"curies":[{"name":"wp","href":"https:\/\/api.w.org\/{rel}","templated":true}]}}