{"id":2289,"date":"2020-08-08T22:06:06","date_gmt":"2020-08-08T21:06:06","guid":{"rendered":"https:\/\/umlapoblatornesa.es\/?p=2289"},"modified":"2020-08-08T22:10:56","modified_gmt":"2020-08-08T21:10:56","slug":"comunios-a-la-pobla-tornesa","status":"publish","type":"post","link":"https:\/\/umlapoblatornesa.es\/index.php\/2020\/08\/08\/comunios-a-la-pobla-tornesa\/","title":{"rendered":"Comunions a la Pobla Tornesa"},"content":{"rendered":"\t\t<div data-elementor-type=\"wp-post\" data-elementor-id=\"2289\" class=\"elementor elementor-2289\">\n\t\t\t\t\t\t<section class=\"elementor-section elementor-top-section elementor-element elementor-element-b2a74f6 elementor-section-boxed elementor-section-height-default elementor-section-height-default\" data-id=\"b2a74f6\" data-element_type=\"section\">\n\t\t\t\t\t\t<div class=\"elementor-container elementor-column-gap-default\">\n\t\t\t\t\t<div class=\"elementor-column elementor-col-100 elementor-top-column elementor-element elementor-element-26888b8\" data-id=\"26888b8\" data-element_type=\"column\">\n\t\t\t<div class=\"elementor-widget-wrap elementor-element-populated\">\n\t\t\t\t\t\t<div class=\"elementor-element elementor-element-2427db4 elementor-widget elementor-widget-text-editor\" data-id=\"2427db4\" data-element_type=\"widget\" data-widget_type=\"text-editor.default\">\n\t\t\t\t<div class=\"elementor-widget-container\">\n\t\t\t\t\t\t\t\t\t<p>En una data extraordin\u00e0ria i amb totes les mesures de prevenci\u00f3, s\u2019ha pogut celebrar al nostre poble la Primera Comuni\u00f3 dels xiquets i xiquetes que han estat preparant-se amb anterioritat a la aparici\u00f3 del maleit Covid 19.<\/p><p>Com ja \u00e9s tradici\u00f3, la Uni\u00f3 Musical ha acompanyat fins les seues llars a cadasc\u00fa despr\u00e9s d\u2019haver rebut el sagrament, omplint de m\u00fasica aquest dia senyalat.<\/p><p>Aix\u00ed, a mena de passacarrer al s\u00f3 dels pasdobles, la comitiva ha recorregut l\u2019itinerari establert, al mig dia i sota un sol implacable, per\u00f2 amb la il\u00b7lusi\u00f3 i el saber fer que caracteritza a cada component de la banda, han transmet l\u2019alegria de la m\u00fasica als comulgants d\u2019aquesta Eucaristia.<\/p><p>Per altra banda, els membres de la Uni\u00f3 Musical La Pobla Tornesa, estan molt contents de reprendre tots aquells actes festius que els permeten desenvolupar la seua afici\u00f3, malgrat tot i la pand\u00e8mia i el distanciament social que tenim que mantindre.<\/p>\t\t\t\t\t\t\t\t<\/div>\n\t\t\t\t<\/div>\n\t\t\t\t\t<\/div>\n\t\t<\/div>\n\t\t\t\t\t<\/div>\n\t\t<\/section>\n\t\t\t\t<section class=\"elementor-section elementor-top-section elementor-element elementor-element-c078e47 elementor-section-boxed elementor-section-height-default elementor-section-height-default\" data-id=\"c078e47\" data-element_type=\"section\">\n\t\t\t\t\t\t<div class=\"elementor-container elementor-column-gap-default\">\n\t\t\t\t\t<div class=\"elementor-column elementor-col-100 elementor-top-column elementor-element elementor-element-f399ac4\" data-id=\"f399ac4\" data-element_type=\"column\">\n\t\t\t<div class=\"elementor-widget-wrap elementor-element-populated\">\n\t\t\t\t\t\t<div class=\"elementor-element elementor-element-f4e844b elementor-widget elementor-widget-image\" data-id=\"f4e844b\" data-element_type=\"widget\" data-widget_type=\"image.default\">\n\t\t\t\t<div class=\"elementor-widget-container\">\n\t\t\t\t\t\t\t\t\t\t\t\t\t\t\t<img decoding=\"async\" src=\"https:\/\/umlapoblatornesa.es\/wp-content\/uploads\/2020\/08\/IMG_20200808_155750.jpeg\" title=\"\" alt=\"\" loading=\"lazy\" \/>\t\t\t\t\t\t\t\t\t\t\t\t\t\t\t<\/div>\n\t\t\t\t<\/div>\n\t\t\t\t\t<\/div>\n\t\t<\/div>\n\t\t\t\t\t<\/div>\n\t\t<\/section>\n\t\t\t\t<\/div>\n\t\t","protected":false},"excerpt":{"rendered":"<p>En una data extraordin\u00e0ria i amb totes les mesures de prevenci\u00f3, s\u2019ha pogut celebrar al nostre poble la Primera Comuni\u00f3 dels xiquets<\/p>\n<p class=\"link-more\"><a class=\"myButt \" href=\"https:\/\/umlapoblatornesa.es\/index.php\/2020\/08\/08\/comunios-a-la-pobla-tornesa\/\">Llegir m\u00e9s<\/a><\/p>\n","protected":false},"author":1,"featured_media":0,"comment_status":"open","ping_status":"open","sticky":false,"template":"","format":"standard","meta":{"footnotes":""},"categories":[1],"tags":[],"class_list":["post-2289","post","type-post","status-publish","format-standard","hentry","category-general"],"aioseo_notices":[],"jetpack_featured_media_url":"","_links":{"self":[{"href":"https:\/\/umlapoblatornesa.es\/index.php\/wp-json\/wp\/v2\/posts\/2289","targetHints":{"allow":["GET"]}}],"collection":[{"href":"https:\/\/umlapoblatornesa.es\/index.php\/wp-json\/wp\/v2\/posts"}],"about":[{"href":"https:\/\/umlapoblatornesa.es\/index.php\/wp-json\/wp\/v2\/types\/post"}],"author":[{"embeddable":true,"href":"https:\/\/umlapoblatornesa.es\/index.php\/wp-json\/wp\/v2\/users\/1"}],"replies":[{"embeddable":true,"href":"https:\/\/umlapoblatornesa.es\/index.php\/wp-json\/wp\/v2\/comments?post=2289"}],"version-history":[{"count":4,"href":"https:\/\/umlapoblatornesa.es\/index.php\/wp-json\/wp\/v2\/posts\/2289\/revisions"}],"predecessor-version":[{"id":2295,"href":"https:\/\/umlapoblatornesa.es\/index.php\/wp-json\/wp\/v2\/posts\/2289\/revisions\/2295"}],"wp:attachment":[{"href":"https:\/\/umlapoblatornesa.es\/index.php\/wp-json\/wp\/v2\/media?parent=2289"}],"wp:term":[{"taxonomy":"category","embeddable":true,"href":"https:\/\/umlapoblatornesa.es\/index.php\/wp-json\/wp\/v2\/categories?post=2289"},{"taxonomy":"post_tag","embeddable":true,"href":"https:\/\/umlapoblatornesa.es\/index.php\/wp-json\/wp\/v2\/tags?post=2289"}],"curies":[{"name":"wp","href":"https:\/\/api.w.org\/{rel}","templated":true}]}}