{"id":2298,"date":"2020-08-29T18:45:54","date_gmt":"2020-08-29T17:45:54","guid":{"rendered":"https:\/\/umlapoblatornesa.es\/?p=2298"},"modified":"2020-08-29T23:12:23","modified_gmt":"2020-08-29T22:12:23","slug":"concert-de-festes-2020","status":"publish","type":"post","link":"https:\/\/umlapoblatornesa.es\/index.php\/2020\/08\/29\/concert-de-festes-2020\/","title":{"rendered":"Concert de festes 2020"},"content":{"rendered":"\t\t<div data-elementor-type=\"wp-post\" data-elementor-id=\"2298\" class=\"elementor elementor-2298\">\n\t\t\t\t\t\t<section class=\"elementor-section elementor-top-section elementor-element elementor-element-3b7eea80 elementor-section-boxed elementor-section-height-default elementor-section-height-default\" data-id=\"3b7eea80\" data-element_type=\"section\">\n\t\t\t\t\t\t<div class=\"elementor-container elementor-column-gap-default\">\n\t\t\t\t\t<div class=\"elementor-column elementor-col-100 elementor-top-column elementor-element elementor-element-2df7ee0b\" data-id=\"2df7ee0b\" data-element_type=\"column\">\n\t\t\t<div class=\"elementor-widget-wrap elementor-element-populated\">\n\t\t\t\t\t\t<div class=\"elementor-element elementor-element-1e85e11 elementor-widget elementor-widget-image\" data-id=\"1e85e11\" data-element_type=\"widget\" data-widget_type=\"image.default\">\n\t\t\t\t<div class=\"elementor-widget-container\">\n\t\t\t\t\t\t\t\t\t\t\t\t\t\t\t<img decoding=\"async\" src=\"https:\/\/umlapoblatornesa.es\/wp-content\/uploads\/2020\/08\/WhatsApp-Image-2020-08-17-at-19.59.22.jpeg\" title=\"\" alt=\"\" loading=\"lazy\" \/>\t\t\t\t\t\t\t\t\t\t\t\t\t\t\t<\/div>\n\t\t\t\t<\/div>\n\t\t\t\t<div class=\"elementor-element elementor-element-3ba32833 elementor-widget elementor-widget-text-editor\" data-id=\"3ba32833\" data-element_type=\"widget\" data-widget_type=\"text-editor.default\">\n\t\t\t\t<div class=\"elementor-widget-container\">\n\t\t\t\t\t\t\t\t\t\n<p>Una vegada m\u00e9s, aquesta ocasi\u00f3 en unes festes at\u00edpiques pel covid 19, la Uni\u00f3 Musical La Pobla Tornesa celebra un concert a l&#8217;habitual pati de les escoles. La resposta del ve\u00efns \u00e9s, com no podia ser d&#8217;un altra manera , espectacular omplint tots els seients habilitats respectant la dist\u00e0ncia de seguretat tant necess\u00e0ria en les circumst\u00e0ncies que ens ha tocat viure.  <\/p>\n\n\n\n<p>Les peces escollides son:<\/p>\n\n\n\n<ul class=\"wp-block-list\"><li>1492 Conquest of paradise<\/li><li>Pompeya<\/li><li>Gladiator<\/li><li>Coliseum<\/li><li>Paradise<\/li><li>Torrents of fire<\/li><\/ul>\n\n\n\n<p>No s\u00e9 per quin motiu, si pel desig d&#8217;escoltar bona m\u00fasica per part del p\u00fablic assistent, per la bona interpretaci\u00f3 dels m\u00fasics de la banda o el que \u00e9s m\u00e9s segur, per tots dos alhora, el concert va ser un \u00e8xit total. Normalment la agrupaci\u00f3 remata amb un bis l&#8217;actuaci\u00f3 si els oients semblen satisfets i aquest \u00e9s el cas, aix\u00ed que interpretarem un arreglo de la banda sonora de &#8220;Juegos de Tronos&#8221; a c\u00e0rrec del director Dion\u00eds Tena.<\/p>\n\n\n\n<p>Al finalitzar el bis, la gent encara en volia m\u00e9s, i en una r\u00e0pida i un\u00e0nime decisi\u00f3 pels components de la Uni\u00f3 Musical, acordaren interpretar el pasdoble &#8220;Fiesta en Benidorm&#8221;, a tot a\u00e7\u00f2 sense cap partitura de guia, demostrant amb aquesta gosadia la professionalitat  i dots d&#8217;improvisaci\u00f3 que el grup posse\u00efx com a resultat del seu bon treball.<\/p>\n\n\n\n<p>En resum, una meravellosa vesprada que la Uni\u00f3 Musical La Pobla Tornesa va gaudir amb el incondicional i atent auditori que conforma la gent del poble, a qui sempre estarem agra\u00efts pel suport i recolzament  que ens dona.<\/p>\n\t\t\t\t\t\t\t\t<\/div>\n\t\t\t\t<\/div>\n\t\t\t\t<div class=\"elementor-element elementor-element-e60f8db elementor-widget elementor-widget-image\" data-id=\"e60f8db\" data-element_type=\"widget\" data-widget_type=\"image.default\">\n\t\t\t\t<div class=\"elementor-widget-container\">\n\t\t\t\t\t\t\t\t\t\t\t\t\t\t\t<img decoding=\"async\" src=\"https:\/\/umlapoblatornesa.es\/wp-content\/uploads\/2020\/08\/WhatsApp-Image-2020-08-17-at-07.28.05.jpeg\" title=\"\" alt=\"\" loading=\"lazy\" \/>\t\t\t\t\t\t\t\t\t\t\t\t\t\t\t<\/div>\n\t\t\t\t<\/div>\n\t\t\t\t\t<\/div>\n\t\t<\/div>\n\t\t\t\t\t<\/div>\n\t\t<\/section>\n\t\t\t\t<\/div>\n\t\t","protected":false},"excerpt":{"rendered":"<p>Una vegada m\u00e9s, aquesta ocasi\u00f3 en unes festes at\u00edpiques pel covid 19, la Uni\u00f3 Musical La Pobla Tornesa celebra un concert a<\/p>\n<p class=\"link-more\"><a class=\"myButt \" href=\"https:\/\/umlapoblatornesa.es\/index.php\/2020\/08\/29\/concert-de-festes-2020\/\">Llegir m\u00e9s<\/a><\/p>\n","protected":false},"author":1,"featured_media":0,"comment_status":"open","ping_status":"open","sticky":false,"template":"","format":"standard","meta":{"footnotes":""},"categories":[1],"tags":[],"class_list":["post-2298","post","type-post","status-publish","format-standard","hentry","category-general"],"aioseo_notices":[],"jetpack_featured_media_url":"","_links":{"self":[{"href":"https:\/\/umlapoblatornesa.es\/index.php\/wp-json\/wp\/v2\/posts\/2298","targetHints":{"allow":["GET"]}}],"collection":[{"href":"https:\/\/umlapoblatornesa.es\/index.php\/wp-json\/wp\/v2\/posts"}],"about":[{"href":"https:\/\/umlapoblatornesa.es\/index.php\/wp-json\/wp\/v2\/types\/post"}],"author":[{"embeddable":true,"href":"https:\/\/umlapoblatornesa.es\/index.php\/wp-json\/wp\/v2\/users\/1"}],"replies":[{"embeddable":true,"href":"https:\/\/umlapoblatornesa.es\/index.php\/wp-json\/wp\/v2\/comments?post=2298"}],"version-history":[{"count":6,"href":"https:\/\/umlapoblatornesa.es\/index.php\/wp-json\/wp\/v2\/posts\/2298\/revisions"}],"predecessor-version":[{"id":2306,"href":"https:\/\/umlapoblatornesa.es\/index.php\/wp-json\/wp\/v2\/posts\/2298\/revisions\/2306"}],"wp:attachment":[{"href":"https:\/\/umlapoblatornesa.es\/index.php\/wp-json\/wp\/v2\/media?parent=2298"}],"wp:term":[{"taxonomy":"category","embeddable":true,"href":"https:\/\/umlapoblatornesa.es\/index.php\/wp-json\/wp\/v2\/categories?post=2298"},{"taxonomy":"post_tag","embeddable":true,"href":"https:\/\/umlapoblatornesa.es\/index.php\/wp-json\/wp\/v2\/tags?post=2298"}],"curies":[{"name":"wp","href":"https:\/\/api.w.org\/{rel}","templated":true}]}}