{"id":2346,"date":"2021-06-29T17:57:08","date_gmt":"2021-06-29T16:57:08","guid":{"rendered":"https:\/\/umlapoblatornesa.es\/?p=2346"},"modified":"2021-08-13T11:29:47","modified_gmt":"2021-08-13T10:29:47","slug":"concert-de-sant-joan-2021","status":"publish","type":"post","link":"https:\/\/umlapoblatornesa.es\/index.php\/2021\/06\/29\/concert-de-sant-joan-2021\/","title":{"rendered":"Concert de Sant Joan 2021"},"content":{"rendered":"\n<p>A prop del solstici d&#8217;estiu, quan les nits s\u00f3n m\u00e9s curtes, en la festivitat de Sant Joan, la m\u00fasica de banda repr\u00e9n de nou el seu paper festiu, tan arrelat a les terres llevantines.<\/p>\n\n\n\n<!--more-->\n\n\n\n<p>Mesos de silenci dels instruments, nom\u00e9s trencat per accions espont\u00e0nies. Veritables esfor\u00e7os dels int\u00e8rprets per aconseguir que la soledat que el nostre recolliment ens imposava, fora m\u00e9s suportable. Treball a dist\u00e0ncia, facilitat per les noves tecnologies, per\u00f2 sense la calor que la relaci\u00f3 personal aporta a l&#8217;acte social de fer m\u00fasica en conjunt.<\/p>\n\n\n\n<p>Per fi, la llum empenta la tristor que fa temps que ens acompanya i l&#8217;alegria de la festa torna a escoltar-se al nostre poble, gr\u00e0cies a l\u2019infatigable esperit dels components de la nostra Uni\u00f3 Musical i a l&#8217;entrega feta en els pocs assaigs que disposaren, el concert de Sant Joan s\u2019ha pogut dur a terme.<\/p>\n\n\n\n<div class=\"wp-block-columns are-vertically-aligned-center is-layout-flex wp-container-core-columns-is-layout-1 wp-block-columns-is-layout-flex\">\n<div class=\"wp-block-column is-vertically-aligned-center is-layout-flow wp-block-column-is-layout-flow\" style=\"flex-basis:66.66%\">\n<div class=\"wp-block-image\"><figure class=\"aligncenter size-large is-resized\"><img fetchpriority=\"high\" decoding=\"async\" src=\"https:\/\/umlapoblatornesa.es\/wp-content\/uploads\/2021\/06\/Sant-Joan-2021-fustes.png\" alt=\"\" class=\"wp-image-2355\" width=\"454\" height=\"329\"\/><\/figure><\/div>\n<\/div>\n\n\n\n<div class=\"wp-block-column is-vertically-aligned-center is-layout-flow wp-block-column-is-layout-flow\" style=\"flex-basis:33.33%\">\n<p>Les fustes, meloses de vegades i intenses quan l\u2019emotivitat ho requereix, fan que la melodia flu\u00efsca dol\u00e7a i serena per l&#8217;esdevenir calmat dels passatges tranquils, per\u00f2 quan la din\u00e0mica ho requereix, el mateix instrument, enfurit i desenfrenat \u00e9s capa\u00e7 de transmetre a l&#8217;oient el dinamisme fren\u00e8tic que el compositor exigeix al virtu\u00f3s int\u00e8rpret.<\/p>\n<\/div>\n<\/div>\n\n\n\n<div class=\"wp-block-columns are-vertically-aligned-center is-layout-flex wp-container-core-columns-is-layout-2 wp-block-columns-is-layout-flex\">\n<div class=\"wp-block-column is-vertically-aligned-center is-layout-flow wp-block-column-is-layout-flow\" style=\"flex-basis:33.33%\">\n<p>Els metalls, poderosos i en\u00e8rgics, complementen harm\u00f2nicament a les juganeres fustes i els brinden un pla estable on sostenir-se, un matal\u00e0s per reposar i una c\u00e0lida flassada per envoltar-se. Aprofitant el seu peculiar so, igual que el tro es deixa notar breument durant la tempesta, aquests alcen la veu i manifesten la seua pres\u00e8ncia en l\u2019obra.<\/p>\n<\/div>\n\n\n\n<div class=\"wp-block-column is-vertically-aligned-center is-layout-flow wp-block-column-is-layout-flow\" style=\"flex-basis:66.66%\">\n<figure class=\"wp-block-image size-large is-resized is-style-default\"><img decoding=\"async\" src=\"https:\/\/umlapoblatornesa.es\/wp-content\/uploads\/2021\/06\/Sant-Joan-2021-metalls-1024x744.png\" alt=\"\" class=\"wp-image-2359\" width=\"512\" height=\"372\"\/><\/figure>\n<\/div>\n<\/div>\n\n\n\n<div class=\"wp-block-columns are-vertically-aligned-center is-layout-flex wp-container-core-columns-is-layout-3 wp-block-columns-is-layout-flex\">\n<div class=\"wp-block-column is-vertically-aligned-center is-layout-flow wp-block-column-is-layout-flow\" style=\"flex-basis:66.66%\">\n<div class=\"wp-block-image is-style-default\"><figure class=\"aligncenter size-medium\"><img decoding=\"async\" src=\"https:\/\/umlapoblatornesa.es\/wp-content\/uploads\/2021\/06\/Sant-Joan-2021-percusio-300x239.png\" alt=\"\" class=\"wp-image-2360\"\/><\/figure><\/div>\n<\/div>\n\n\n\n<div class=\"wp-block-column is-vertically-aligned-center is-layout-flow wp-block-column-is-layout-flow\" style=\"flex-basis:33.33%\">\n<p>Mentrestant, la percussi\u00f3 no ha deixat ni un moment de marcar el ritme de la pe\u00e7a. El \u00abtempo\u00bb, \u00e9sser invisible que mai recula, que sempre et porta cap endavant exigint un pas m\u00e9s per fer cam\u00ed, es manifesta sense dubte en aquesta secci\u00f3. La varietat d&#8217;instruments presents complementen a la par que uneixen a la resta de timbres.<\/p>\n<\/div>\n<\/div>\n\n\n\n<div class=\"wp-block-columns are-vertically-aligned-center is-layout-flex wp-container-core-columns-is-layout-4 wp-block-columns-is-layout-flex\">\n<div class=\"wp-block-column is-vertically-aligned-center is-layout-flow wp-block-column-is-layout-flow\" style=\"flex-basis:33.33%\">\n<p>I com no, al capdavant d\u2019aquest marem\u00e0gnum de sonoritat, cervell i cor del conjunt, la figura del director de banda. Capa\u00e7 amb un gest de mantindre l\u2019ordre dins del caos. Aportant a la m\u00fasica el car\u00e0cter i el mat\u00eds que converteix la conjunci\u00f3 de les notes en art. Fent en definitiva de canalitzador d&#8217;emocions entre el m\u00fasic i el p\u00fablic.<\/p>\n<\/div>\n\n\n\n<div class=\"wp-block-column is-vertically-aligned-center is-layout-flow wp-block-column-is-layout-flow\" style=\"flex-basis:66.66%\">\n<div class=\"wp-block-image is-style-default\"><figure class=\"aligncenter size-medium\"><img decoding=\"async\" src=\"https:\/\/umlapoblatornesa.es\/wp-content\/uploads\/2021\/06\/San-Joan-2021-direccio-300x288.png\" alt=\"\" class=\"wp-image-2362\"\/><\/figure><\/div>\n<\/div>\n<\/div>\n\n\n\n<p>Aquest desitjat concert \u00e9s un doble retrobament, d\u2019una banda amb els nostres benvolguts oients i d\u2019una altra, entre m\u00fasics que s\u2019estimen, entre companys que es donen suport, entre amics que s\u2019ajuden, units per una de les set arts antigues,<strong> la m\u00fasica.<\/strong><\/p>\n","protected":false},"excerpt":{"rendered":"<p>A prop del solstici d&#8217;estiu, quan les nits s\u00f3n m\u00e9s curtes, en la festivitat de Sant Joan, la m\u00fasica de banda repr\u00e9n<\/p>\n<p class=\"link-more\"><a class=\"myButt \" href=\"https:\/\/umlapoblatornesa.es\/index.php\/2021\/06\/29\/concert-de-sant-joan-2021\/\">Llegir m\u00e9s<\/a><\/p>\n","protected":false},"author":1,"featured_media":0,"comment_status":"open","ping_status":"open","sticky":false,"template":"","format":"standard","meta":{"footnotes":""},"categories":[1],"tags":[],"class_list":["post-2346","post","type-post","status-publish","format-standard","hentry","category-general"],"aioseo_notices":[],"jetpack_featured_media_url":"","_links":{"self":[{"href":"https:\/\/umlapoblatornesa.es\/index.php\/wp-json\/wp\/v2\/posts\/2346","targetHints":{"allow":["GET"]}}],"collection":[{"href":"https:\/\/umlapoblatornesa.es\/index.php\/wp-json\/wp\/v2\/posts"}],"about":[{"href":"https:\/\/umlapoblatornesa.es\/index.php\/wp-json\/wp\/v2\/types\/post"}],"author":[{"embeddable":true,"href":"https:\/\/umlapoblatornesa.es\/index.php\/wp-json\/wp\/v2\/users\/1"}],"replies":[{"embeddable":true,"href":"https:\/\/umlapoblatornesa.es\/index.php\/wp-json\/wp\/v2\/comments?post=2346"}],"version-history":[{"count":10,"href":"https:\/\/umlapoblatornesa.es\/index.php\/wp-json\/wp\/v2\/posts\/2346\/revisions"}],"predecessor-version":[{"id":2372,"href":"https:\/\/umlapoblatornesa.es\/index.php\/wp-json\/wp\/v2\/posts\/2346\/revisions\/2372"}],"wp:attachment":[{"href":"https:\/\/umlapoblatornesa.es\/index.php\/wp-json\/wp\/v2\/media?parent=2346"}],"wp:term":[{"taxonomy":"category","embeddable":true,"href":"https:\/\/umlapoblatornesa.es\/index.php\/wp-json\/wp\/v2\/categories?post=2346"},{"taxonomy":"post_tag","embeddable":true,"href":"https:\/\/umlapoblatornesa.es\/index.php\/wp-json\/wp\/v2\/tags?post=2346"}],"curies":[{"name":"wp","href":"https:\/\/api.w.org\/{rel}","templated":true}]}}