{"id":2518,"date":"2021-08-13T14:16:43","date_gmt":"2021-08-13T13:16:43","guid":{"rendered":"https:\/\/umlapoblatornesa.es\/?p=2518"},"modified":"2021-08-13T14:19:13","modified_gmt":"2021-08-13T13:19:13","slug":"concert-dagost-2021","status":"publish","type":"post","link":"https:\/\/umlapoblatornesa.es\/index.php\/2021\/08\/13\/concert-dagost-2021\/","title":{"rendered":"Concert d\u2019Agost 2021"},"content":{"rendered":"\n<p>Un altre estiu, temps de festa, per\u00f2 aquesta vegada celebrada amb prud\u00e8ncia. No tots els col\u00b7lectius poden desenvolupar el seu quefer dins dels actes festius. Nosaltres tenim la sort de poder fer-ho i desitgem que com m\u00e9s prompte millor tots puguem sumar-nos a la festa.<\/p>\n\n\n\n<p>\u00c9s moment de serenitat, de solidaritat i, com ja hem dit abans, de prud\u00e8ncia, per\u00f2 tamb\u00e9 d\u2019emocions. Aix\u00f2 \u00e9s el que hem intentat transmetre en aquest acte. Esperem haver-ho aconseguit!.<\/p>\n\n\n\n<p>Les obres seleccionades per al concert s\u00f3n:<\/p>\n\n\n\n<ul class=\"wp-block-list\"><li><strong>Segrelles<\/strong>. Pasodoble dianero de J. P\u00e9rez Vilaplana<\/li><li><strong>Jurassic Park<\/strong>. Tema de la pel\u00b7l\u00edcula del mateix nom, composta per John Williams i arreglada per a banda per W. Hautvast.<\/li><li><strong>Blue Tango<\/strong>. Un \u00e8xit dels anys 50 de la m\u00fasica d\u2019orquestra americana. Amb ritme de tango amb influ\u00e8ncies de blues, representa l\u2019esperit de l\u2019\u00e8poca.<\/li><li><strong>Con te partiro<\/strong>. Una coneguda obra que canta el tenor itali\u00e0 A. Bocelli, que tamb\u00e9 va gravar una versi\u00f3 espanyola completa de la can\u00e7\u00f3 el 1997, titulada &#8220;Por ti volar\u00e9&#8221; i que \u00e9s considerada la can\u00e7\u00f3 d&#8217;autor de Bocelli.<\/li><li><strong>Yesterday<\/strong>. Una can\u00e7\u00f3 pop composta per P. McCartney en 1965. \u00c9s la can\u00e7\u00f3 m\u00e9s emesa per la r\u00e0dio i de la que m\u00e9s versions s\u2019han fet. En aquesta ocasi\u00f3 interpretem un arregle de D. Tena.<\/li><li><strong>Czardas<\/strong>. Aquesta pe\u00e7a t\u00e9 el seu origen en un ball tradicional hongar\u00e9s.Es caracteritza per la variaci\u00f3 del temps, comen\u00e7a de forma parsimoniosa i acaba de manera fren\u00e8tica. L\u2019obra que oferim \u00e9s la del mateix t\u00edtol de Vittorio Monti.<\/li><li><strong>E.T<\/strong>. Arregle de F. Erickson que inclou els temes de la pel\u00b7l\u00edcula: Aventura en la Terra, E.T. i Elliot, Sobre la lluna i el Tema principal.<\/li><li><strong>The rock (La roca<\/strong>). Banda sonora d\u2019aquesta pel\u00b7l\u00edcula americana d\u2019acci\u00f3, escrita per H. Zimmer i arregle de J. Glesnek Mortimer.<\/li><li>Hijo de la luna. Coneguda pe\u00e7a del grup de tecno-pop Mecano, escrita per J.M. Cano i adaptada per a banda per J. J. Jimenez Luj\u00e0n.<\/li><li><strong>Flashdance, what a feeling!<\/strong>. Arregle de J. Nowak del tema utilitzat per a la pel\u00b7l\u00edcula rom\u00e0ntica Flashdance, que va ser n\u00famero 1 en les llistes musicals de l\u2019any 1983.<\/li><\/ul>\n\n\n\n<figure class=\"wp-block-image size-large\"><img decoding=\"async\" src=\"https:\/\/umlapoblatornesa.es\/wp-content\/uploads\/2021\/08\/20210809-234821-1024x768.jpeg\" alt=\"\" class=\"wp-image-2520\"\/><figcaption>Concert d&#8217;Agost 2021<\/figcaption><\/figure>\n\n\n\n<p>La Uni\u00f3 Musical La Pobla Tornesa vol agrair el vostre suport, que en aquests moments tan dif\u00edcils s\u00f3n m\u00e9s necessaris que mai. Sou un p\u00fablic fidel i entregat, i feu que l\u2019esperit de la m\u00fasica avance malgrat les adversitats que es presenten.<\/p>\n\n\n\n<p>De tot cor, gr\u00e0cies, amics i esperem trobar-nos prompte en un nou concert.<\/p>\n","protected":false},"excerpt":{"rendered":"<p>Un altre estiu, temps de festa, per\u00f2 aquesta vegada celebrada amb prud\u00e8ncia. No tots els col\u00b7lectius poden desenvolupar el seu quefer dins<\/p>\n<p class=\"link-more\"><a class=\"myButt \" href=\"https:\/\/umlapoblatornesa.es\/index.php\/2021\/08\/13\/concert-dagost-2021\/\">Llegir m\u00e9s<\/a><\/p>\n","protected":false},"author":1,"featured_media":0,"comment_status":"open","ping_status":"open","sticky":false,"template":"","format":"standard","meta":{"footnotes":""},"categories":[1],"tags":[],"class_list":["post-2518","post","type-post","status-publish","format-standard","hentry","category-general"],"aioseo_notices":[],"jetpack_featured_media_url":"","_links":{"self":[{"href":"https:\/\/umlapoblatornesa.es\/index.php\/wp-json\/wp\/v2\/posts\/2518","targetHints":{"allow":["GET"]}}],"collection":[{"href":"https:\/\/umlapoblatornesa.es\/index.php\/wp-json\/wp\/v2\/posts"}],"about":[{"href":"https:\/\/umlapoblatornesa.es\/index.php\/wp-json\/wp\/v2\/types\/post"}],"author":[{"embeddable":true,"href":"https:\/\/umlapoblatornesa.es\/index.php\/wp-json\/wp\/v2\/users\/1"}],"replies":[{"embeddable":true,"href":"https:\/\/umlapoblatornesa.es\/index.php\/wp-json\/wp\/v2\/comments?post=2518"}],"version-history":[{"count":2,"href":"https:\/\/umlapoblatornesa.es\/index.php\/wp-json\/wp\/v2\/posts\/2518\/revisions"}],"predecessor-version":[{"id":2542,"href":"https:\/\/umlapoblatornesa.es\/index.php\/wp-json\/wp\/v2\/posts\/2518\/revisions\/2542"}],"wp:attachment":[{"href":"https:\/\/umlapoblatornesa.es\/index.php\/wp-json\/wp\/v2\/media?parent=2518"}],"wp:term":[{"taxonomy":"category","embeddable":true,"href":"https:\/\/umlapoblatornesa.es\/index.php\/wp-json\/wp\/v2\/categories?post=2518"},{"taxonomy":"post_tag","embeddable":true,"href":"https:\/\/umlapoblatornesa.es\/index.php\/wp-json\/wp\/v2\/tags?post=2518"}],"curies":[{"name":"wp","href":"https:\/\/api.w.org\/{rel}","templated":true}]}}