{"id":2588,"date":"2021-09-22T12:14:49","date_gmt":"2021-09-22T11:14:49","guid":{"rendered":"https:\/\/umlapoblatornesa.es\/?p=2588"},"modified":"2021-09-22T12:14:51","modified_gmt":"2021-09-22T11:14:51","slug":"taller-gratuit-de-musica","status":"publish","type":"post","link":"https:\/\/umlapoblatornesa.es\/index.php\/2021\/09\/22\/taller-gratuit-de-musica\/","title":{"rendered":"Taller gratu\u00eft de m\u00fasica"},"content":{"rendered":"\n<p>El proper 27 de setembre, coincidint amb la festivitat de Sant Miquel, l&#8217;Escola de M\u00fasica La Pobla Tornesa oferir\u00e0 un taller gratu\u00eft de m\u00fasica. <\/p>\n\n\n\n<p>Amb aquest acte, els xiquets i xiquetes poden apropar-se a un m\u00f3n d&#8217;emocions, expressivitat, sincronitzaci\u00f3 i col\u00b7laboraci\u00f3, on a m\u00e9s d&#8217;escoltar la m\u00fasica tamb\u00e9 es pot viure-la.<\/p>\n\n\n\n<p>Sense cap dubte, una activitat ideal per gaudir un mat\u00ed amb altres companys, con\u00e8ixer una de les set arts i participar activament en la creaci\u00f3 musical.<\/p>\n\n\n\n<div class=\"wp-block-image\"><figure class=\"aligncenter size-full\"><img decoding=\"async\" src=\"https:\/\/umlapoblatornesa.es\/wp-content\/uploads\/2021\/09\/Cartell-Taller-Musica-UMLPT-e1632303158470.jpeg\" alt=\"\" class=\"wp-image-2556\"\/><\/figure><\/div>\n\n\n\n<p>A la p\u00e0gina de la Escola de M\u00fasica en la nostra web <a href=\"http:\/\/www.umlapoblatornesa.es\">www.umlapoblatornesa.es<\/a> podeu fer la inscripci\u00f3, necess\u00e0ria per poder organitzar l&#8217;acte amb seguretat. Recordeu que encara no hem superat la male\u00efda pand\u00e8mia i cal complir amb les mesures sanit\u00e0ries vigents.<\/p>\n\n\n\n<div class=\"wp-block-buttons is-content-justification-center is-layout-flex wp-block-buttons-is-layout-flex\">\n<div class=\"wp-block-button\"><a class=\"wp-block-button__link\" href=\"https:\/\/umlapoblatornesa.es\/index.php\/escola-2\/\" target=\"_blank\" rel=\"noreferrer noopener\"><strong>Escola de M\u00fasica<\/strong><\/a><\/div>\n<\/div>\n\n\n\n<br>\n","protected":false},"excerpt":{"rendered":"<p>El proper 27 de setembre, coincidint amb la festivitat de Sant Miquel, l&#8217;Escola de M\u00fasica La Pobla Tornesa oferir\u00e0 un taller gratu\u00eft<\/p>\n<p class=\"link-more\"><a class=\"myButt \" href=\"https:\/\/umlapoblatornesa.es\/index.php\/2021\/09\/22\/taller-gratuit-de-musica\/\">Llegir m\u00e9s<\/a><\/p>\n","protected":false},"author":1,"featured_media":0,"comment_status":"open","ping_status":"open","sticky":false,"template":"","format":"standard","meta":{"footnotes":""},"categories":[1],"tags":[],"class_list":["post-2588","post","type-post","status-publish","format-standard","hentry","category-general"],"aioseo_notices":[],"jetpack_featured_media_url":"","_links":{"self":[{"href":"https:\/\/umlapoblatornesa.es\/index.php\/wp-json\/wp\/v2\/posts\/2588","targetHints":{"allow":["GET"]}}],"collection":[{"href":"https:\/\/umlapoblatornesa.es\/index.php\/wp-json\/wp\/v2\/posts"}],"about":[{"href":"https:\/\/umlapoblatornesa.es\/index.php\/wp-json\/wp\/v2\/types\/post"}],"author":[{"embeddable":true,"href":"https:\/\/umlapoblatornesa.es\/index.php\/wp-json\/wp\/v2\/users\/1"}],"replies":[{"embeddable":true,"href":"https:\/\/umlapoblatornesa.es\/index.php\/wp-json\/wp\/v2\/comments?post=2588"}],"version-history":[{"count":1,"href":"https:\/\/umlapoblatornesa.es\/index.php\/wp-json\/wp\/v2\/posts\/2588\/revisions"}],"predecessor-version":[{"id":2589,"href":"https:\/\/umlapoblatornesa.es\/index.php\/wp-json\/wp\/v2\/posts\/2588\/revisions\/2589"}],"wp:attachment":[{"href":"https:\/\/umlapoblatornesa.es\/index.php\/wp-json\/wp\/v2\/media?parent=2588"}],"wp:term":[{"taxonomy":"category","embeddable":true,"href":"https:\/\/umlapoblatornesa.es\/index.php\/wp-json\/wp\/v2\/categories?post=2588"},{"taxonomy":"post_tag","embeddable":true,"href":"https:\/\/umlapoblatornesa.es\/index.php\/wp-json\/wp\/v2\/tags?post=2588"}],"curies":[{"name":"wp","href":"https:\/\/api.w.org\/{rel}","templated":true}]}}